{"id":72,"date":"2017-03-21T10:59:31","date_gmt":"2017-03-21T09:59:31","guid":{"rendered":"http:\/\/catherineroncin.fr\/?p=72"},"modified":"2017-04-10T14:52:41","modified_gmt":"2017-04-10T12:52:41","slug":"defile-duo-mardi-21-mars-2017","status":"publish","type":"post","link":"http:\/\/catherineroncin.fr\/index.php\/2017\/03\/21\/defile-duo-mardi-21-mars-2017\/","title":{"rendered":"D\u00e9fil\u00e9 DUO &#8211; mardi 21 mars 2017"},"content":{"rendered":"<p><img decoding=\"async\" loading=\"lazy\" class=\"alignnone size-medium wp-image-81\" src=\"http:\/\/catherineroncin.fr\/wp-content\/uploads\/2017\/04\/defilemars17-9-300x300.jpg\" alt=\"\" width=\"300\" height=\"300\" srcset=\"http:\/\/catherineroncin.fr\/wp-content\/uploads\/2017\/04\/defilemars17-9-300x300.jpg 300w, http:\/\/catherineroncin.fr\/wp-content\/uploads\/2017\/04\/defilemars17-9-150x150.jpg 150w, http:\/\/catherineroncin.fr\/wp-content\/uploads\/2017\/04\/defilemars17-9-768x768.jpg 768w, http:\/\/catherineroncin.fr\/wp-content\/uploads\/2017\/04\/defilemars17-9-1024x1024.jpg 1024w, http:\/\/catherineroncin.fr\/wp-content\/uploads\/2017\/04\/defilemars17-9.jpg 1200w, http:\/\/catherineroncin.fr\/wp-content\/uploads\/2017\/04\/defilemars17-9-100x100.jpg 100w\" sizes=\"(max-width: 300px) 100vw, 300px\" \/> <img decoding=\"async\" loading=\"lazy\" class=\"alignnone size-medium wp-image-80\" src=\"http:\/\/catherineroncin.fr\/wp-content\/uploads\/2017\/04\/defilemars17-8-200x300.jpg\" alt=\"\" width=\"200\" height=\"300\" srcset=\"http:\/\/catherineroncin.fr\/wp-content\/uploads\/2017\/04\/defilemars17-8-200x300.jpg 200w, http:\/\/catherineroncin.fr\/wp-content\/uploads\/2017\/04\/defilemars17-8-768x1154.jpg 768w, http:\/\/catherineroncin.fr\/wp-content\/uploads\/2017\/04\/defilemars17-8-682x1024.jpg 682w, http:\/\/catherineroncin.fr\/wp-content\/uploads\/2017\/04\/defilemars17-8.jpg 798w\" sizes=\"(max-width: 200px) 100vw, 200px\" \/> <img decoding=\"async\" loading=\"lazy\" class=\"alignnone size-medium wp-image-79\" src=\"http:\/\/catherineroncin.fr\/wp-content\/uploads\/2017\/04\/defilemars17-7-200x300.jpg\" alt=\"\" width=\"200\" height=\"300\" srcset=\"http:\/\/catherineroncin.fr\/wp-content\/uploads\/2017\/04\/defilemars17-7-200x300.jpg 200w, http:\/\/catherineroncin.fr\/wp-content\/uploads\/2017\/04\/defilemars17-7-768x1154.jpg 768w, http:\/\/catherineroncin.fr\/wp-content\/uploads\/2017\/04\/defilemars17-7-682x1024.jpg 682w, http:\/\/catherineroncin.fr\/wp-content\/uploads\/2017\/04\/defilemars17-7.jpg 798w\" sizes=\"(max-width: 200px) 100vw, 200px\" \/> <img decoding=\"async\" loading=\"lazy\" class=\"alignnone size-medium wp-image-78\" src=\"http:\/\/catherineroncin.fr\/wp-content\/uploads\/2017\/04\/defilemars17-6-200x300.jpg\" alt=\"\" width=\"200\" height=\"300\" srcset=\"http:\/\/catherineroncin.fr\/wp-content\/uploads\/2017\/04\/defilemars17-6-200x300.jpg 200w, http:\/\/catherineroncin.fr\/wp-content\/uploads\/2017\/04\/defilemars17-6-768x1154.jpg 768w, http:\/\/catherineroncin.fr\/wp-content\/uploads\/2017\/04\/defilemars17-6-682x1024.jpg 682w, http:\/\/catherineroncin.fr\/wp-content\/uploads\/2017\/04\/defilemars17-6.jpg 798w\" sizes=\"(max-width: 200px) 100vw, 200px\" \/> <img decoding=\"async\" loading=\"lazy\" class=\"alignnone size-medium wp-image-77\" src=\"http:\/\/catherineroncin.fr\/wp-content\/uploads\/2017\/04\/defilemars17-5-200x300.jpg\" alt=\"\" width=\"200\" height=\"300\" srcset=\"http:\/\/catherineroncin.fr\/wp-content\/uploads\/2017\/04\/defilemars17-5-200x300.jpg 200w, http:\/\/catherineroncin.fr\/wp-content\/uploads\/2017\/04\/defilemars17-5-768x1154.jpg 768w, http:\/\/catherineroncin.fr\/wp-content\/uploads\/2017\/04\/defilemars17-5-682x1024.jpg 682w, http:\/\/catherineroncin.fr\/wp-content\/uploads\/2017\/04\/defilemars17-5.jpg 798w\" sizes=\"(max-width: 200px) 100vw, 200px\" \/> <img decoding=\"async\" loading=\"lazy\" class=\"alignnone size-medium wp-image-75\" src=\"http:\/\/catherineroncin.fr\/wp-content\/uploads\/2017\/04\/defilemars17-3-300x200.jpg\" alt=\"\" width=\"300\" height=\"200\" srcset=\"http:\/\/catherineroncin.fr\/wp-content\/uploads\/2017\/04\/defilemars17-3-300x200.jpg 300w, http:\/\/catherineroncin.fr\/wp-content\/uploads\/2017\/04\/defilemars17-3-768x513.jpg 768w, http:\/\/catherineroncin.fr\/wp-content\/uploads\/2017\/04\/defilemars17-3-1024x684.jpg 1024w, http:\/\/catherineroncin.fr\/wp-content\/uploads\/2017\/04\/defilemars17-3.jpg 1200w\" sizes=\"(max-width: 300px) 100vw, 300px\" \/> <img decoding=\"async\" loading=\"lazy\" class=\"alignnone size-medium wp-image-74\" src=\"http:\/\/catherineroncin.fr\/wp-content\/uploads\/2017\/04\/defilemars17-2-300x200.jpg\" alt=\"\" width=\"300\" height=\"200\" srcset=\"http:\/\/catherineroncin.fr\/wp-content\/uploads\/2017\/04\/defilemars17-2-300x200.jpg 300w, http:\/\/catherineroncin.fr\/wp-content\/uploads\/2017\/04\/defilemars17-2-768x513.jpg 768w, http:\/\/catherineroncin.fr\/wp-content\/uploads\/2017\/04\/defilemars17-2-1024x684.jpg 1024w, http:\/\/catherineroncin.fr\/wp-content\/uploads\/2017\/04\/defilemars17-2.jpg 1200w\" sizes=\"(max-width: 300px) 100vw, 300px\" \/> <img decoding=\"async\" loading=\"lazy\" class=\"alignnone size-medium wp-image-73\" src=\"http:\/\/catherineroncin.fr\/wp-content\/uploads\/2017\/04\/defilemars17-1-200x300.jpg\" alt=\"\" width=\"200\" height=\"300\" srcset=\"http:\/\/catherineroncin.fr\/wp-content\/uploads\/2017\/04\/defilemars17-1-200x300.jpg 200w, http:\/\/catherineroncin.fr\/wp-content\/uploads\/2017\/04\/defilemars17-1-768x1151.jpg 768w, http:\/\/catherineroncin.fr\/wp-content\/uploads\/2017\/04\/defilemars17-1-684x1024.jpg 684w, http:\/\/catherineroncin.fr\/wp-content\/uploads\/2017\/04\/defilemars17-1.jpg 801w\" sizes=\"(max-width: 200px) 100vw, 200px\" \/><\/p>\n<p>C&rsquo;est dans l\u2019ambiance inspirante de leurs ateliers install\u00e9s dans un lieu de travail partag\u00e9 \u00e0 Saint-Nazaire, le Garage, bien entour\u00e9es par leurs colocataires enthousiastes et motiv\u00e9s, que Catherine Roncin et Nelly Bichet travaillent depuis janvier sur leurs nouvelles cr\u00e9ations pour le printemps.<\/p>\n<p>Et depuis quelques jours, \u00e7a fourmille et \u00e7a s\u2019agite dans les vitrines des ateliers du Garage, comme les premi\u00e8res feuilles qui se d\u00e9ploient au printemps une plume jaillit par ici ou une fleur \u00e9clot par l\u00e0. Les ciseaux crissent et les pailles se tendent sur les moules.<\/p>\n<p>Et, sans tour de magie, mais avec patience et rigueur, les sacs et les chapeaux se montent comme des architectures d\u00e9licates de peaux pr\u00e9cieuses ou d\u2019\u00e9toffes soyeuses. On essaie, on monte, on d\u00e9monte, on essaie encore, on confronte on questionne et, \u00e0 un moment, eureka\u00a0! La pi\u00e8ce est \u00e9quilibr\u00e9e et pr\u00eate \u00e0 vous \u00eatre montr\u00e9e\u00a0! Avec le bon rabat, la taille de bouton id\u00e9ale, la doublure ad\u00e9quate, le bracelet qui scintille mais pas trop&#8230;<\/p>\n<p><em>Rendez-vous le mardi 21 mars au Garage \u00e0 Saint-Nazaire \u00e0 19h30 pour se retrouver autour de leur collection dans beau d\u00e9cor imagin\u00e9 par L\u2019<a class=\"spip_out\" href=\"http:\/\/www.agenceinventive.com\" rel=\"external\">Agence Inventive<\/a> et sous l\u2019objectif de <a class=\"spip_out\" href=\"http:\/\/nb-studio.fr\" rel=\"external\">Thierry Giraud<\/a>.<\/em><\/p>\n","protected":false},"excerpt":{"rendered":"<p>C&rsquo;est dans l\u2019ambiance inspirante de leurs ateliers install\u00e9s dans un lieu de travail partag\u00e9 \u00e0 Saint-Nazaire, le Garage, bien entour\u00e9es par leurs colocataires enthousiastes et motiv\u00e9s, que Catherine Roncin et Nelly Bichet travaillent depuis janvier sur leurs nouvelles cr\u00e9ations pour le printemps. Et depuis quelques jours, \u00e7a fourmille et \u00e7a s\u2019agite dans les vitrines des &hellip; <\/p>\n<p class=\"link-more\"><a href=\"http:\/\/catherineroncin.fr\/index.php\/2017\/03\/21\/defile-duo-mardi-21-mars-2017\/\" class=\"more-link\">Continuer la lecture<span class=\"screen-reader-text\"> de &laquo;&nbsp;D\u00e9fil\u00e9 DUO &#8211; mardi 21 mars 2017&nbsp;&raquo;<\/span><\/a><\/p>\n","protected":false},"author":1,"featured_media":0,"comment_status":"open","ping_status":"open","sticky":false,"template":"","format":"standard","meta":[],"categories":[4],"tags":[],"_links":{"self":[{"href":"http:\/\/catherineroncin.fr\/index.php\/wp-json\/wp\/v2\/posts\/72"}],"collection":[{"href":"http:\/\/catherineroncin.fr\/index.php\/wp-json\/wp\/v2\/posts"}],"about":[{"href":"http:\/\/catherineroncin.fr\/index.php\/wp-json\/wp\/v2\/types\/post"}],"author":[{"embeddable":true,"href":"http:\/\/catherineroncin.fr\/index.php\/wp-json\/wp\/v2\/users\/1"}],"replies":[{"embeddable":true,"href":"http:\/\/catherineroncin.fr\/index.php\/wp-json\/wp\/v2\/comments?post=72"}],"version-history":[{"count":1,"href":"http:\/\/catherineroncin.fr\/index.php\/wp-json\/wp\/v2\/posts\/72\/revisions"}],"predecessor-version":[{"id":82,"href":"http:\/\/catherineroncin.fr\/index.php\/wp-json\/wp\/v2\/posts\/72\/revisions\/82"}],"wp:attachment":[{"href":"http:\/\/catherineroncin.fr\/index.php\/wp-json\/wp\/v2\/media?parent=72"}],"wp:term":[{"taxonomy":"category","embeddable":true,"href":"http:\/\/catherineroncin.fr\/index.php\/wp-json\/wp\/v2\/categories?post=72"},{"taxonomy":"post_tag","embeddable":true,"href":"http:\/\/catherineroncin.fr\/index.php\/wp-json\/wp\/v2\/tags?post=72"}],"curies":[{"name":"wp","href":"https:\/\/api.w.org\/{rel}","templated":true}]}}