{"id":674,"date":"2020-04-22T11:55:56","date_gmt":"2020-04-22T09:55:56","guid":{"rendered":"http:\/\/catherineroncin.fr\/?p=674"},"modified":"2020-06-16T12:00:35","modified_gmt":"2020-06-16T10:00:35","slug":"masques-barrieres","status":"publish","type":"post","link":"http:\/\/catherineroncin.fr\/index.php\/2020\/04\/22\/masques-barrieres\/","title":{"rendered":"Masques barri\u00e8res"},"content":{"rendered":"<p>Catherine Roncin a particip\u00e9 \u00e0 l&rsquo;usine \u00e0 masques \u00e9ph\u00e9m\u00e8re cr\u00e9\u00e9e au Garage \u00e0 l&rsquo;occasion de la crise du COVD-19.<\/p>\n<figure id=\"attachment_675\" aria-describedby=\"caption-attachment-675\" style=\"width: 525px\" class=\"wp-caption alignnone\"><img decoding=\"async\" loading=\"lazy\" class=\"wp-image-675 size-large\" src=\"http:\/\/catherineroncin.fr\/wp-content\/uploads\/2020\/06\/OF-2020-30-04-e1592301516367-803x1024.jpg\" alt=\"\" width=\"525\" height=\"669\" srcset=\"http:\/\/catherineroncin.fr\/wp-content\/uploads\/2020\/06\/OF-2020-30-04-e1592301516367-803x1024.jpg 803w, http:\/\/catherineroncin.fr\/wp-content\/uploads\/2020\/06\/OF-2020-30-04-e1592301516367-235x300.jpg 235w, http:\/\/catherineroncin.fr\/wp-content\/uploads\/2020\/06\/OF-2020-30-04-e1592301516367-768x979.jpg 768w, http:\/\/catherineroncin.fr\/wp-content\/uploads\/2020\/06\/OF-2020-30-04-e1592301516367.jpg 1344w\" sizes=\"(max-width: 525px) 100vw, 525px\" \/><figcaption id=\"caption-attachment-675\" class=\"wp-caption-text\">Catherine Roncin &#8211; 2e \u00e0 partir de la gauche<\/figcaption><\/figure>\n","protected":false},"excerpt":{"rendered":"<p>Catherine Roncin a particip\u00e9 \u00e0 l&rsquo;usine \u00e0 masques \u00e9ph\u00e9m\u00e8re cr\u00e9\u00e9e au Garage \u00e0 l&rsquo;occasion de la crise du COVD-19.<\/p>\n","protected":false},"author":1,"featured_media":0,"comment_status":"closed","ping_status":"closed","sticky":false,"template":"","format":"standard","meta":[],"categories":[4],"tags":[],"_links":{"self":[{"href":"http:\/\/catherineroncin.fr\/index.php\/wp-json\/wp\/v2\/posts\/674"}],"collection":[{"href":"http:\/\/catherineroncin.fr\/index.php\/wp-json\/wp\/v2\/posts"}],"about":[{"href":"http:\/\/catherineroncin.fr\/index.php\/wp-json\/wp\/v2\/types\/post"}],"author":[{"embeddable":true,"href":"http:\/\/catherineroncin.fr\/index.php\/wp-json\/wp\/v2\/users\/1"}],"replies":[{"embeddable":true,"href":"http:\/\/catherineroncin.fr\/index.php\/wp-json\/wp\/v2\/comments?post=674"}],"version-history":[{"count":1,"href":"http:\/\/catherineroncin.fr\/index.php\/wp-json\/wp\/v2\/posts\/674\/revisions"}],"predecessor-version":[{"id":676,"href":"http:\/\/catherineroncin.fr\/index.php\/wp-json\/wp\/v2\/posts\/674\/revisions\/676"}],"wp:attachment":[{"href":"http:\/\/catherineroncin.fr\/index.php\/wp-json\/wp\/v2\/media?parent=674"}],"wp:term":[{"taxonomy":"category","embeddable":true,"href":"http:\/\/catherineroncin.fr\/index.php\/wp-json\/wp\/v2\/categories?post=674"},{"taxonomy":"post_tag","embeddable":true,"href":"http:\/\/catherineroncin.fr\/index.php\/wp-json\/wp\/v2\/tags?post=674"}],"curies":[{"name":"wp","href":"https:\/\/api.w.org\/{rel}","templated":true}]}}