{"id":671,"date":"2019-10-15T21:21:11","date_gmt":"2019-10-15T19:21:11","guid":{"rendered":"http:\/\/catherineroncin.fr\/?p=671"},"modified":"2020-06-16T20:45:20","modified_gmt":"2020-06-16T18:45:20","slug":"concours-des-entrepreneures-de-talent-2019","status":"publish","type":"post","link":"http:\/\/catherineroncin.fr\/index.php\/2019\/10\/15\/concours-des-entrepreneures-de-talent-2019\/","title":{"rendered":"Concours des entrepreneures de talent 2019"},"content":{"rendered":"<p>La Chambre des m\u00e9tiers de Loire-Atlantique encourage l\u2019entrepreneuriat f\u00e9minin avec un prix de 2 000 \u20ac.<\/p>\n<p>Cette ann\u00e9e 2019, elles \u00e9taient 19 en lice pour ce concours des entrepreneures de talent et Catherine Roncin faisait partie des sept finalistes.<\/p>\n<p>Dans la cat\u00e9gorie Innovation, elle a pr\u00e9sent\u00e9 une s\u00e9rie de sacs avec des anses uniques cr\u00e9\u00e9es\u00a0 avec \u00a0une\u00a0 \u00a0imprimante 3D.\u00a0 Ces anses tr\u00e8s originales ont \u00e9t\u00e9 \u00ab\u00a0imprim\u00e9es\u00a0\u00bb \u00a0 dans des mat\u00e9riaux \u00e9cologiques (amidon de ma\u00efs et lin&#8230;).<br \/>\n\u00ab \u00a0<em>Bien \u00a0que\u00a0 \u00a0mon\u00a0 \u00a0activit\u00e9\u00a0 \u00a0d\u00e9coule\u00a0 \u00a0d&rsquo;un savoir-faire ancestral, je veux innover et uti\u00adliser des technologies li\u00e9es au num\u00e9rique \u00bb.<\/em><\/p>\n<p><img decoding=\"async\" loading=\"lazy\" class=\"alignnone size-large wp-image-535\" src=\"http:\/\/catherineroncin.fr\/wp-content\/uploads\/2019\/04\/catherine-roncin-ete-2019-motif-exotique-or2-1024x860.jpg\" alt=\"\" width=\"525\" height=\"441\" srcset=\"http:\/\/catherineroncin.fr\/wp-content\/uploads\/2019\/04\/catherine-roncin-ete-2019-motif-exotique-or2.jpg 1024w, http:\/\/catherineroncin.fr\/wp-content\/uploads\/2019\/04\/catherine-roncin-ete-2019-motif-exotique-or2-300x252.jpg 300w, http:\/\/catherineroncin.fr\/wp-content\/uploads\/2019\/04\/catherine-roncin-ete-2019-motif-exotique-or2-768x645.jpg 768w\" sizes=\"(max-width: 525px) 100vw, 525px\" \/><\/p>\n<p><img decoding=\"async\" loading=\"lazy\" class=\"alignnone size-large wp-image-559\" src=\"http:\/\/catherineroncin.fr\/wp-content\/uploads\/2019\/04\/catherine-roncinprintemps-ete2019-lin-1024x840.jpg\" alt=\"\" width=\"525\" height=\"431\" srcset=\"http:\/\/catherineroncin.fr\/wp-content\/uploads\/2019\/04\/catherine-roncinprintemps-ete2019-lin.jpg 1024w, http:\/\/catherineroncin.fr\/wp-content\/uploads\/2019\/04\/catherine-roncinprintemps-ete2019-lin-300x246.jpg 300w, http:\/\/catherineroncin.fr\/wp-content\/uploads\/2019\/04\/catherine-roncinprintemps-ete2019-lin-768x630.jpg 768w\" sizes=\"(max-width: 525px) 100vw, 525px\" \/><\/p>\n<p><img decoding=\"async\" loading=\"lazy\" class=\"alignnone size-full wp-image-689\" src=\"http:\/\/catherineroncin.fr\/wp-content\/uploads\/2019\/10\/catherine-roncinprintemps-ete2019-motif-exotique.jpg\" alt=\"\" width=\"530\" height=\"545\" srcset=\"http:\/\/catherineroncin.fr\/wp-content\/uploads\/2019\/10\/catherine-roncinprintemps-ete2019-motif-exotique.jpg 530w, http:\/\/catherineroncin.fr\/wp-content\/uploads\/2019\/10\/catherine-roncinprintemps-ete2019-motif-exotique-292x300.jpg 292w\" sizes=\"(max-width: 530px) 100vw, 530px\" \/><\/p>\n<figure id=\"attachment_672\" aria-describedby=\"caption-attachment-672\" style=\"width: 525px\" class=\"wp-caption alignnone\"><img decoding=\"async\" loading=\"lazy\" class=\"size-large wp-image-672\" src=\"http:\/\/catherineroncin.fr\/wp-content\/uploads\/2020\/06\/prix-1024x579.jpg\" alt=\"\" width=\"525\" height=\"297\" srcset=\"http:\/\/catherineroncin.fr\/wp-content\/uploads\/2020\/06\/prix-1024x579.jpg 1024w, http:\/\/catherineroncin.fr\/wp-content\/uploads\/2020\/06\/prix-300x170.jpg 300w, http:\/\/catherineroncin.fr\/wp-content\/uploads\/2020\/06\/prix-768x434.jpg 768w, http:\/\/catherineroncin.fr\/wp-content\/uploads\/2020\/06\/prix.jpg 1260w\" sizes=\"(max-width: 525px) 100vw, 525px\" \/><figcaption id=\"caption-attachment-672\" class=\"wp-caption-text\">Catherine Roncin entour\u00e9e des deux laur\u00e9ates<\/figcaption><\/figure>\n","protected":false},"excerpt":{"rendered":"<p>La Chambre des m\u00e9tiers de Loire-Atlantique encourage l\u2019entrepreneuriat f\u00e9minin avec un prix de 2 000 \u20ac. Cette ann\u00e9e 2019, elles \u00e9taient 19 en lice pour ce concours des entrepreneures de talent et Catherine Roncin faisait partie des sept finalistes. Dans la cat\u00e9gorie Innovation, elle a pr\u00e9sent\u00e9 une s\u00e9rie de sacs avec des anses uniques cr\u00e9\u00e9es\u00a0 &hellip; <\/p>\n<p class=\"link-more\"><a href=\"http:\/\/catherineroncin.fr\/index.php\/2019\/10\/15\/concours-des-entrepreneures-de-talent-2019\/\" class=\"more-link\">Continuer la lecture<span class=\"screen-reader-text\"> de &laquo;&nbsp;Concours des entrepreneures de talent 2019&nbsp;&raquo;<\/span><\/a><\/p>\n","protected":false},"author":1,"featured_media":0,"comment_status":"closed","ping_status":"closed","sticky":false,"template":"","format":"standard","meta":[],"categories":[4],"tags":[],"_links":{"self":[{"href":"http:\/\/catherineroncin.fr\/index.php\/wp-json\/wp\/v2\/posts\/671"}],"collection":[{"href":"http:\/\/catherineroncin.fr\/index.php\/wp-json\/wp\/v2\/posts"}],"about":[{"href":"http:\/\/catherineroncin.fr\/index.php\/wp-json\/wp\/v2\/types\/post"}],"author":[{"embeddable":true,"href":"http:\/\/catherineroncin.fr\/index.php\/wp-json\/wp\/v2\/users\/1"}],"replies":[{"embeddable":true,"href":"http:\/\/catherineroncin.fr\/index.php\/wp-json\/wp\/v2\/comments?post=671"}],"version-history":[{"count":6,"href":"http:\/\/catherineroncin.fr\/index.php\/wp-json\/wp\/v2\/posts\/671\/revisions"}],"predecessor-version":[{"id":691,"href":"http:\/\/catherineroncin.fr\/index.php\/wp-json\/wp\/v2\/posts\/671\/revisions\/691"}],"wp:attachment":[{"href":"http:\/\/catherineroncin.fr\/index.php\/wp-json\/wp\/v2\/media?parent=671"}],"wp:term":[{"taxonomy":"category","embeddable":true,"href":"http:\/\/catherineroncin.fr\/index.php\/wp-json\/wp\/v2\/categories?post=671"},{"taxonomy":"post_tag","embeddable":true,"href":"http:\/\/catherineroncin.fr\/index.php\/wp-json\/wp\/v2\/tags?post=671"}],"curies":[{"name":"wp","href":"https:\/\/api.w.org\/{rel}","templated":true}]}}