{"id":440,"date":"2018-10-16T18:46:40","date_gmt":"2018-10-16T16:46:40","guid":{"rendered":"http:\/\/catherineroncin.fr\/?p=440"},"modified":"2018-10-16T18:57:31","modified_gmt":"2018-10-16T16:57:31","slug":"salon-obart-paris-23-au-25-novembre-2018","status":"publish","type":"post","link":"http:\/\/catherineroncin.fr\/index.php\/2018\/10\/16\/salon-obart-paris-23-au-25-novembre-2018\/","title":{"rendered":"Salon  Ob&rsquo;Art \u00e0 Paris &#8211; 23 au 25 novembre 2018"},"content":{"rendered":"<p>Catherine Roncin pr\u00e9sentera sa collection hiver 2018 au salon Ob&rsquo;Art \u00e0 Paris.<\/p>\n<div class=\"et_pb_column et_pb_column_1_3 et_pb_column_1 et_pb_css_mix_blend_mode_passthrough\">\n<div class=\"et_pb_blurb et_pb_module et_pb_bg_layout_light et_pb_text_align_center et_pb_blurb_0 et_pb_blurb_position_top\">\n<div class=\"et_pb_blurb_content\">\n<div class=\"et_pb_blurb_container\">\n<div class=\"et_pb_blurb_description\">\n<p><strong>Entr\u00e9e libre<\/strong><\/p>\n<p>Du 23 au 25 novembre 2018<br \/>\nVendredi : 15h \u2013 19h<br \/>\nSamedi\u00a0 : 10h \u2013 19h<br \/>\nDimanche : 10h \u2013 19h<\/p>\n<\/div>\n<\/div>\n<\/div>\n<\/div>\n<\/div>\n<div class=\"et_pb_column et_pb_column_1_3 et_pb_column_2 et_pb_css_mix_blend_mode_passthrough\">\n<div class=\"et_pb_blurb et_pb_module et_pb_bg_layout_light et_pb_text_align_center et_pb_blurb_1 et_pb_blurb_position_top\">\n<div class=\"et_pb_blurb_content\">\n<div class=\"et_pb_blurb_container\">\n<div class=\"et_pb_blurb_description\">\n<p><strong>Espace des Blancs Manteaux<\/strong><br \/>\n48, rue Vieille du Temple<br \/>\n75004 Paris<br \/>\nSaint-Paul ou H\u00f4tel de Ville (Ligne 1)<br \/>\nRambuteau (Ligne 3)<\/p>\n<\/div>\n<\/div>\n<\/div>\n<\/div>\n<\/div>\n<div class=\"et_pb_column et_pb_column_1_3 et_pb_column_3 et_pb_css_mix_blend_mode_passthrough et-last-child\">\n<div class=\"et_pb_blurb et_pb_module et_pb_bg_layout_light et_pb_text_align_center et_pb_blurb_2 et_pb_blurb_position_top\">\n<div class=\"et_pb_blurb_content\">\n<div class=\"et_pb_blurb_container\">\n<p class=\"et_pb_module_header\"><em><a href=\"https:\/\/www.salon-obart.com\/paris\/le-salon\/\">&gt;&gt;<\/a><a href=\"https:\/\/www.salon-obart.com\/paris\/le-salon\/\"> le site du salon<\/a><\/em><\/p>\n<div class=\"et_pb_blurb_description\">\n<h4><strong>\u00a0<\/strong><\/h4>\n<\/div>\n<\/div>\n<\/div>\n<\/div>\n<\/div>\n<p><img decoding=\"async\" loading=\"lazy\" class=\"alignnone wp-image-441 size-full\" src=\"http:\/\/catherineroncin.fr\/wp-content\/uploads\/2018\/10\/1026504_ob-art-paris_155542.jpg\" alt=\"\" width=\"550\" height=\"776\" srcset=\"http:\/\/catherineroncin.fr\/wp-content\/uploads\/2018\/10\/1026504_ob-art-paris_155542.jpg 550w, http:\/\/catherineroncin.fr\/wp-content\/uploads\/2018\/10\/1026504_ob-art-paris_155542-213x300.jpg 213w\" sizes=\"(max-width: 550px) 100vw, 550px\" \/><\/p>\n","protected":false},"excerpt":{"rendered":"<p>Catherine Roncin pr\u00e9sentera sa collection hiver 2018 au salon Ob&rsquo;Art \u00e0 Paris. Entr\u00e9e libre Du 23 au 25 novembre 2018 Vendredi : 15h \u2013 19h Samedi\u00a0 : 10h \u2013 19h Dimanche : 10h \u2013 19h Espace des Blancs Manteaux 48, rue Vieille du Temple 75004 Paris Saint-Paul ou H\u00f4tel de Ville (Ligne 1) Rambuteau (Ligne &hellip; <\/p>\n<p class=\"link-more\"><a href=\"http:\/\/catherineroncin.fr\/index.php\/2018\/10\/16\/salon-obart-paris-23-au-25-novembre-2018\/\" class=\"more-link\">Continuer la lecture<span class=\"screen-reader-text\"> de &laquo;&nbsp;Salon  Ob&rsquo;Art \u00e0 Paris &#8211; 23 au 25 novembre 2018&nbsp;&raquo;<\/span><\/a><\/p>\n","protected":false},"author":1,"featured_media":0,"comment_status":"closed","ping_status":"closed","sticky":false,"template":"","format":"standard","meta":[],"categories":[4],"tags":[],"_links":{"self":[{"href":"http:\/\/catherineroncin.fr\/index.php\/wp-json\/wp\/v2\/posts\/440"}],"collection":[{"href":"http:\/\/catherineroncin.fr\/index.php\/wp-json\/wp\/v2\/posts"}],"about":[{"href":"http:\/\/catherineroncin.fr\/index.php\/wp-json\/wp\/v2\/types\/post"}],"author":[{"embeddable":true,"href":"http:\/\/catherineroncin.fr\/index.php\/wp-json\/wp\/v2\/users\/1"}],"replies":[{"embeddable":true,"href":"http:\/\/catherineroncin.fr\/index.php\/wp-json\/wp\/v2\/comments?post=440"}],"version-history":[{"count":5,"href":"http:\/\/catherineroncin.fr\/index.php\/wp-json\/wp\/v2\/posts\/440\/revisions"}],"predecessor-version":[{"id":450,"href":"http:\/\/catherineroncin.fr\/index.php\/wp-json\/wp\/v2\/posts\/440\/revisions\/450"}],"wp:attachment":[{"href":"http:\/\/catherineroncin.fr\/index.php\/wp-json\/wp\/v2\/media?parent=440"}],"wp:term":[{"taxonomy":"category","embeddable":true,"href":"http:\/\/catherineroncin.fr\/index.php\/wp-json\/wp\/v2\/categories?post=440"},{"taxonomy":"post_tag","embeddable":true,"href":"http:\/\/catherineroncin.fr\/index.php\/wp-json\/wp\/v2\/tags?post=440"}],"curies":[{"name":"wp","href":"https:\/\/api.w.org\/{rel}","templated":true}]}}