{"id":436,"date":"2018-10-16T18:40:44","date_gmt":"2018-10-16T16:40:44","guid":{"rendered":"http:\/\/catherineroncin.fr\/?p=436"},"modified":"2018-10-16T18:50:04","modified_gmt":"2018-10-16T16:50:04","slug":"lesprit-de-noel","status":"publish","type":"post","link":"http:\/\/catherineroncin.fr\/index.php\/2018\/10\/16\/lesprit-de-noel\/","title":{"rendered":"L&rsquo;esprit de No\u00ebl &#8211; La Baule -2 au 4 novembre 2018"},"content":{"rendered":"<p>Catherine Roncin avec son amie Nelly Bichet, modiste, pr\u00e9sentera sa collection de sacs hiver 2018\u00a0 au salon <strong>L&rsquo;esprit de No\u00ebl<\/strong> du 2 au 4 novembre 2018 \u00e0 la Baule.<\/p>\n<p><em>entr\u00e9e gratuite<\/em><br \/>\n<em>Palais des Congr\u00e8s Atlantia 119 avenue du Mar\u00e9chal de Lattre de Tassigny \u202844500 La Baule<\/em><br \/>\n<em>vendredi 2 novembre de 11h \u00e0 19h<\/em><br \/>\n<em>samedi 3 novembre de 10h \u00e0 20h<\/em><br \/>\n<em>dimanche 4 novembre de 10h \u00e0 18h<\/em><\/p>\n<blockquote><p><a href=\"https:\/\/salon-espritdenoel.com\/\">&gt; site du salon<\/a><\/p><\/blockquote>\n<p><img decoding=\"async\" loading=\"lazy\" class=\"alignnone wp-image-437 size-large\" src=\"http:\/\/catherineroncin.fr\/wp-content\/uploads\/2018\/10\/salon-l-esprit-de-noel-la-baule-2018-11-780x1024.jpg\" alt=\"\" width=\"525\" height=\"689\" srcset=\"http:\/\/catherineroncin.fr\/wp-content\/uploads\/2018\/10\/salon-l-esprit-de-noel-la-baule-2018-11-780x1024.jpg 780w, http:\/\/catherineroncin.fr\/wp-content\/uploads\/2018\/10\/salon-l-esprit-de-noel-la-baule-2018-11-229x300.jpg 229w, http:\/\/catherineroncin.fr\/wp-content\/uploads\/2018\/10\/salon-l-esprit-de-noel-la-baule-2018-11-768x1008.jpg 768w, http:\/\/catherineroncin.fr\/wp-content\/uploads\/2018\/10\/salon-l-esprit-de-noel-la-baule-2018-11.jpg 800w\" sizes=\"(max-width: 525px) 100vw, 525px\" \/><\/p>\n","protected":false},"excerpt":{"rendered":"<p>Catherine Roncin avec son amie Nelly Bichet, modiste, pr\u00e9sentera sa collection de sacs hiver 2018\u00a0 au salon L&rsquo;esprit de No\u00ebl du 2 au 4 novembre 2018 \u00e0 la Baule. entr\u00e9e gratuite Palais des Congr\u00e8s Atlantia 119 avenue du Mar\u00e9chal de Lattre de Tassigny \u202844500 La Baule vendredi 2 novembre de 11h \u00e0 19h samedi 3 &hellip; <\/p>\n<p class=\"link-more\"><a href=\"http:\/\/catherineroncin.fr\/index.php\/2018\/10\/16\/lesprit-de-noel\/\" class=\"more-link\">Continuer la lecture<span class=\"screen-reader-text\"> de &laquo;&nbsp;L&rsquo;esprit de No\u00ebl &#8211; La Baule -2 au 4 novembre 2018&nbsp;&raquo;<\/span><\/a><\/p>\n","protected":false},"author":1,"featured_media":0,"comment_status":"closed","ping_status":"closed","sticky":false,"template":"","format":"standard","meta":[],"categories":[4],"tags":[],"_links":{"self":[{"href":"http:\/\/catherineroncin.fr\/index.php\/wp-json\/wp\/v2\/posts\/436"}],"collection":[{"href":"http:\/\/catherineroncin.fr\/index.php\/wp-json\/wp\/v2\/posts"}],"about":[{"href":"http:\/\/catherineroncin.fr\/index.php\/wp-json\/wp\/v2\/types\/post"}],"author":[{"embeddable":true,"href":"http:\/\/catherineroncin.fr\/index.php\/wp-json\/wp\/v2\/users\/1"}],"replies":[{"embeddable":true,"href":"http:\/\/catherineroncin.fr\/index.php\/wp-json\/wp\/v2\/comments?post=436"}],"version-history":[{"count":3,"href":"http:\/\/catherineroncin.fr\/index.php\/wp-json\/wp\/v2\/posts\/436\/revisions"}],"predecessor-version":[{"id":447,"href":"http:\/\/catherineroncin.fr\/index.php\/wp-json\/wp\/v2\/posts\/436\/revisions\/447"}],"wp:attachment":[{"href":"http:\/\/catherineroncin.fr\/index.php\/wp-json\/wp\/v2\/media?parent=436"}],"wp:term":[{"taxonomy":"category","embeddable":true,"href":"http:\/\/catherineroncin.fr\/index.php\/wp-json\/wp\/v2\/categories?post=436"},{"taxonomy":"post_tag","embeddable":true,"href":"http:\/\/catherineroncin.fr\/index.php\/wp-json\/wp\/v2\/tags?post=436"}],"curies":[{"name":"wp","href":"https:\/\/api.w.org\/{rel}","templated":true}]}}