{"id":1094,"date":"2025-03-25T20:13:38","date_gmt":"2025-03-25T19:13:38","guid":{"rendered":"http:\/\/catherineroncin.fr\/?p=1094"},"modified":"2025-03-25T20:27:13","modified_gmt":"2025-03-25T19:27:13","slug":"exposition-kinklenn-coquette-a-saint-nazaire","status":"publish","type":"post","link":"http:\/\/catherineroncin.fr\/index.php\/2025\/03\/25\/exposition-kinklenn-coquette-a-saint-nazaire\/","title":{"rendered":"Exposition Kinklenn-Coquette \u00e0 Saint-Nazaire"},"content":{"rendered":"<div class=\"wp-block-image\">\n<figure class=\"aligncenter size-large is-resized\"><img decoding=\"async\" loading=\"lazy\" src=\"http:\/\/catherineroncin.fr\/wp-content\/uploads\/2025\/03\/Affiche-Kinklennbd-738x1024.jpg\" alt=\"\" class=\"wp-image-1095\" width=\"506\" height=\"702\" srcset=\"http:\/\/catherineroncin.fr\/wp-content\/uploads\/2025\/03\/Affiche-Kinklennbd-738x1024.jpg 738w, http:\/\/catherineroncin.fr\/wp-content\/uploads\/2025\/03\/Affiche-Kinklennbd-216x300.jpg 216w, http:\/\/catherineroncin.fr\/wp-content\/uploads\/2025\/03\/Affiche-Kinklennbd-768x1065.jpg 768w, http:\/\/catherineroncin.fr\/wp-content\/uploads\/2025\/03\/Affiche-Kinklennbd-1108x1536.jpg 1108w, http:\/\/catherineroncin.fr\/wp-content\/uploads\/2025\/03\/Affiche-Kinklennbd-1477x2048.jpg 1477w, http:\/\/catherineroncin.fr\/wp-content\/uploads\/2025\/03\/Affiche-Kinklennbd.jpg 1500w\" sizes=\"(max-width: 506px) 100vw, 506px\" \/><\/figure><\/div>\n\n\n<p><\/p>\n\n\n\n<p>Apr\u00e8s avoir \u00e9t\u00e9 pr\u00e9sent\u00e9e \u00e0 Quimper de mai 2024 \u00e0 mars 2025, cette exposition prend ses quartiers \u00e0 Saint-Nazaire dans le cadre des Journ\u00e9es Europ\u00e9ennes des M\u00e9tiers d&rsquo;Art du <strong>26 mars au 6 avril 2025.<\/strong><\/p>\n\n\n\n<p><strong>Catherine Roncin, artisan gainier, install\u00e9e au Garage \u00e0 Saint-Nazaire, et l&rsquo;\u00e9cole de broderie d&rsquo;art Pascal Jaouen de Quimper ont collabor\u00e9 pour cr\u00e9er l\u2019exposition Kinklenn-Coquette d\u00e9di\u00e9e au c\u00f4t\u00e9 \u00ab&nbsp;bijou&nbsp;\u00bb du sac \u00e0 main.<\/strong><\/p>\n\n\n\n<p>Une vingtaine de sacs, minaudi\u00e8res et pochettes ont \u00e9t\u00e9 brod\u00e9s par l&rsquo;ensemble des brodeurs et brodeuses de l&rsquo;\u00e9cole de broderie d&rsquo;art de Quimper afin de montrer leur savoir-faire. Yann Lagoutte, directeur de cette \u00e9cole et Meilleur Ouvrier de France en point de Beauvais, a propos\u00e9 \u00e0 Catherine Roncin la r\u00e9alisation de tous les mod\u00e8les. Les gabarits ont \u00e9t\u00e9 choisis ensemble et ils se sont laiss\u00e9 \u00ab\u00a0carte blanche\u00a0\u00bb des deux c\u00f4t\u00e9s.<\/p>\n\n\n\n<p>Catherine Roncin a ainsi pu d\u00e9couvrir l&rsquo;univers de la broderie d&rsquo;art. Chaque pi\u00e8ce brod\u00e9e \u00e9tait re\u00e7ue avec \u00e9merveillement et quelques sueurs froides. Le droit \u00e0 l&rsquo;erreur n&rsquo;\u00e9tait pas permis pour le montage du sac enti\u00e8rement fa\u00e7onn\u00e9 dans son atelier. Chaque cr\u00e9ation a \u00e9t\u00e9 con\u00e7ue pour mettre en valeur les talents et les savoir-faire des brodeurs et brodeuses.<\/p>\n\n\n\n<p>Le sac \u00e0 main est un accessoire de tous les moments de la vie. Sp\u00e9cialis\u00e9e dans le sac bijou, Catherine Roncin a eu beaucoup de plaisir \u00e0 voir na\u00eetre toutes ces pi\u00e8ces uniques d&rsquo;exception.<\/p>\n\n\n\n<p><strong>Catherine Roncin pr\u00e9sentera \u00e9galement une quinzaine de pi\u00e8ces r\u00e9alis\u00e9es en partenariat avec des cr\u00e9atrices \u00ab\u00a0coup de c\u0153ur\u00a0\u00bb <\/strong>rencontr\u00e9es au cours de sa carri\u00e8re : Jeanne Blondet des Petits Riens (Saint-Nazaire), Louise Dagorne (Le Mans), Agathe You (Paris), Diana Kisirauskiene (Quilly).<\/p>\n\n\n\n<p><strong>Des tenues r\u00e9alis\u00e9es par l&rsquo;\u00e9cole de broderie et Johanna de Rangot,<\/strong> formatrice et couturi\u00e8re de l&rsquo;\u00e9cole, viendront ennoblir la collection de sacs ainsi que <strong>des chapeaux r\u00e9alis\u00e9s par la modiste Nelly Bichet<\/strong> (Saint-Nazaire). Catherine Roncin et Nelly Bichet forment un <strong>\u00ab\u00a0<\/strong>Duo Sacs et Chapeaux\u00a0\u00bb depuis plus de 10 ans. Elles accueillent leur client\u00e8le dans leur atelier-boutique install\u00e9e au Garage \u00e0 Saint-Nazaire.<\/p>\n","protected":false},"excerpt":{"rendered":"<p>Apr\u00e8s avoir \u00e9t\u00e9 pr\u00e9sent\u00e9e \u00e0 Quimper de mai 2024 \u00e0 mars 2025, cette exposition prend ses quartiers \u00e0 Saint-Nazaire dans le cadre des Journ\u00e9es Europ\u00e9ennes des M\u00e9tiers d&rsquo;Art du 26 mars au 6 avril 2025. Catherine Roncin, artisan gainier, install\u00e9e au Garage \u00e0 Saint-Nazaire, et l&rsquo;\u00e9cole de broderie d&rsquo;art Pascal Jaouen de Quimper ont collabor\u00e9 &hellip; <\/p>\n<p class=\"link-more\"><a href=\"http:\/\/catherineroncin.fr\/index.php\/2025\/03\/25\/exposition-kinklenn-coquette-a-saint-nazaire\/\" class=\"more-link\">Continuer la lecture<span class=\"screen-reader-text\"> de &laquo;&nbsp;Exposition Kinklenn-Coquette \u00e0 Saint-Nazaire&nbsp;&raquo;<\/span><\/a><\/p>\n","protected":false},"author":1,"featured_media":0,"comment_status":"closed","ping_status":"closed","sticky":false,"template":"","format":"standard","meta":[],"categories":[4],"tags":[],"_links":{"self":[{"href":"http:\/\/catherineroncin.fr\/index.php\/wp-json\/wp\/v2\/posts\/1094"}],"collection":[{"href":"http:\/\/catherineroncin.fr\/index.php\/wp-json\/wp\/v2\/posts"}],"about":[{"href":"http:\/\/catherineroncin.fr\/index.php\/wp-json\/wp\/v2\/types\/post"}],"author":[{"embeddable":true,"href":"http:\/\/catherineroncin.fr\/index.php\/wp-json\/wp\/v2\/users\/1"}],"replies":[{"embeddable":true,"href":"http:\/\/catherineroncin.fr\/index.php\/wp-json\/wp\/v2\/comments?post=1094"}],"version-history":[{"count":8,"href":"http:\/\/catherineroncin.fr\/index.php\/wp-json\/wp\/v2\/posts\/1094\/revisions"}],"predecessor-version":[{"id":1106,"href":"http:\/\/catherineroncin.fr\/index.php\/wp-json\/wp\/v2\/posts\/1094\/revisions\/1106"}],"wp:attachment":[{"href":"http:\/\/catherineroncin.fr\/index.php\/wp-json\/wp\/v2\/media?parent=1094"}],"wp:term":[{"taxonomy":"category","embeddable":true,"href":"http:\/\/catherineroncin.fr\/index.php\/wp-json\/wp\/v2\/categories?post=1094"},{"taxonomy":"post_tag","embeddable":true,"href":"http:\/\/catherineroncin.fr\/index.php\/wp-json\/wp\/v2\/tags?post=1094"}],"curies":[{"name":"wp","href":"https:\/\/api.w.org\/{rel}","templated":true}]}}